{"id":8143,"date":"2025-10-23T09:25:32","date_gmt":"2025-10-23T09:25:32","guid":{"rendered":"https:\/\/dpsmarszalki.pl\/?p=8143"},"modified":"2025-10-23T09:25:45","modified_gmt":"2025-10-23T09:25:45","slug":"nabor-wnioskow-opieka-wytchnieniowa-edycja-2026-r","status":"publish","type":"post","link":"https:\/\/dpsmarszalki.pl\/?p=8143","title":{"rendered":"Nab\u00f3r wniosk\u00f3w \u201eOpieka wytchnieniowa\u201d &#8211; edycja 2026 r."},"content":{"rendered":"\n<p><strong>Nab\u00f3r wniosk\u00f3w \u201eOpieka wytchnieniowa\u201d<\/strong><strong><\/strong><\/p>\n\n\n\n<p>Powiat Ostrzeszowski informuje, \u017ce w dniu 10 pa\u017adziernika 2025 r. Minister Rodziny, Pracy i Polityki Spo\u0142ecznej og\u0142osi\u0142 nab\u00f3r wniosk\u00f3w do Programu \u201eOpieka wytchnieniowa\u201d dla Jednostek Samorz\u0105du Terytorialnego &#8211; edycja 2026, realizowanego ze \u015brodk\u00f3w Funduszu Solidarno\u015bciowego.&nbsp;&nbsp;&nbsp;<\/p>\n\n\n\n<p>G\u0142\u00f3wnym celem Programu jest wsparcie cz\u0142onk\u00f3w rodzin lub opiekun\u00f3w sprawuj\u0105cych bezpo\u015bredni\u0105 opiek\u0119 nad osobami niepe\u0142nosprawnymi posiadaj\u0105cymi:<\/p>\n\n\n\n<ul class=\"wp-block-list\">\n<li>orzeczenie o znacznym stopniu niepe\u0142nosprawno\u015bci albo<\/li>\n\n\n\n<li>orzeczenie traktowane na r\u00f3wni z orzeczeniem wymienionym w lit. a, zgodnie z art. 5 i art. 62 ustawy z dnia 27 sierpnia 1997 r. o rehabilitacji zawodowej i spo\u0142ecznej oraz zatrudnianiu os\u00f3b niepe\u0142nosprawnych (Dz. U. z 2025 r. poz. 913),<\/li>\n<\/ul>\n\n\n\n<p>poprzez umo\u017cliwienie uzyskania dora\u017anej, czasowej pomocy w formie us\u0142ugi opieki wytchnieniowej, tj. odci\u0105\u017cenie od codziennych obowi\u0105zk\u00f3w \u0142\u0105cz\u0105cych si\u0119\u00a0ze sprawowaniem opieki nad osob\u0105 z niepe\u0142nosprawno\u015bci\u0105 przez zapewnienie czasowego zast\u0119pstwa w tym zakresie.<\/p>\n\n\n\n<p>Dzi\u0119ki temu wsparciu, osoby zaanga\u017cowane na co dzie\u0144 w sprawowanie opieki nad osob\u0105 z niepe\u0142nosprawno\u015bci\u0105 dysponowa\u0107 b\u0119d\u0105 czasem, kt\u00f3ry mog\u0105 przeznaczy\u0107 na odpoczynek i regeneracj\u0119, jak r\u00f3wnie\u017c na za\u0142atwienie niezb\u0119dnych spraw \u017cyciowych.<\/p>\n\n\n\n<p>Us\u0142ugi opieki wytchnieniowej mog\u0105 s\u0142u\u017cy\u0107 r\u00f3wnie\u017c okresowemu zabezpieczeniu potrzeb osoby z niepe\u0142nosprawno\u015bci\u0105 w sytuacji, gdy cz\u0142onkowie rodzin lub opiekunowie z r\u00f3\u017cnych powod\u00f3w nie b\u0119d\u0105 mogli wykonywa\u0107 swoich obowi\u0105zk\u00f3w.<\/p>\n\n\n\n<p>Us\u0142ugi opieki wytchnieniowej przys\u0142uguj\u0105 w przypadku zamieszkiwania cz\u0142onka rodziny lub opiekuna, we wsp\u00f3lnym gospodarstwie domowym z osob\u0105 niepe\u0142nosprawno\u015bci\u0105, kt\u00f3ra wymaga sta\u0142ej opieki w zakresie potrzeb \u017cycia codziennego. W godzinach realizacji us\u0142ug opieki wytchnieniowej nie mog\u0105 by\u0107 \u015bwiadczone inne formy pomocy us\u0142ugowej, w tym: us\u0142ugi opieku\u0144cze lub specjalistyczne us\u0142ugi opieku\u0144cze, \u00a0o kt\u00f3rych mowa w Ustawie z dnia 12 marca 2004 r. o pomocy spo\u0142ecznej, us\u0142ugi finansowane ze \u015brodk\u00f3w Funduszu Solidarno\u015bciowego lub innych \u017ar\u00f3de\u0142.<\/p>\n\n\n\n<p>Z uwagi konieczno\u015b\u0107 okre\u015blenia skali potrzeb w zakresie realizacji Programu prosi si\u0119 osoby zainteresowane o kontakt telefoniczny z Kierownikiem Dzia\u0142u Terapeutyczno-Opieku\u0144czego tel. 62 732 07 00 Domu Pomocy Spo\u0142ecznej w Marsza\u0142kach lub e-mailowy: e-mail: <a href=\"mailto:awardega@dpsmarszalki.pl\">awardega@dpsmarszalki.pl<\/a>. Zebrane informacje pos\u0142u\u017c\u0105 do ustalenia zapotrzebowania na tego typu us\u0142ug\u0119 w roku 2026\u00a0i aplikowanie o \u015brodki finansowe na realizacj\u0119 Programu \u201eOpieka wytchnieniowa\u201d dla Jednostek Samorz\u0105du Terytorialnego \u2013 edycja 2026.<\/p>\n\n\n\n<p>Szczeg\u00f3\u0142owe informacje o Programie pod adresem:<\/p>\n\n\n\n<figure class=\"wp-block-embed is-type-wp-embed is-provider-biuro-pe-nomocnika-rz-du-do-spraw-os-b-niepe-nosprawnych wp-block-embed-biuro-pe-nomocnika-rz-du-do-spraw-os-b-niepe-nosprawnych\"><div class=\"wp-block-embed__wrapper\">\n<blockquote class=\"wp-embedded-content\" data-secret=\"GAUNGwRfE2\"><a href=\"https:\/\/niepelnosprawni.gov.pl\/program-fs\/nabor-wnioskow-w-ramach-resortowego-programu-ministra-rodziny-pracy-i-polityki-spolecznej-opieka-wytchnieniowa-dla-jednostek-samorzadu-terytorialnego-edycja-2026\/\">Nab\u00f3r wniosk\u00f3w w ramach resortowego programu Ministra Rodziny, Pracy i Polityki Spo\u0142ecznej \u201dOpieka wytchnieniowa\u201d dla Jednostek Samorz\u0105du Terytorialnego \u2013 edycja 2026<\/a><\/blockquote><iframe loading=\"lazy\" class=\"wp-embedded-content\" sandbox=\"allow-scripts\" security=\"restricted\" style=\"position: absolute; visibility: hidden;\" title=\"&#8222;Nab\u00f3r wniosk\u00f3w w ramach resortowego programu Ministra Rodziny, Pracy i Polityki Spo\u0142ecznej \u201dOpieka wytchnieniowa\u201d dla Jednostek Samorz\u0105du Terytorialnego \u2013 edycja 2026&#8221; &#8212; Biuro Pe\u0142nomocnika Rz\u0105du do Spraw Os\u00f3b Niepe\u0142nosprawnych\" src=\"https:\/\/niepelnosprawni.gov.pl\/program-fs\/nabor-wnioskow-w-ramach-resortowego-programu-ministra-rodziny-pracy-i-polityki-spolecznej-opieka-wytchnieniowa-dla-jednostek-samorzadu-terytorialnego-edycja-2026\/embed\/#?secret=OSHjBpo9El#?secret=GAUNGwRfE2\" data-secret=\"GAUNGwRfE2\" width=\"500\" height=\"282\" frameborder=\"0\" marginwidth=\"0\" marginheight=\"0\" scrolling=\"no\"><\/iframe>\n<\/div><\/figure>\n","protected":false},"excerpt":{"rendered":"<p>Nab\u00f3r wniosk\u00f3w \u201eOpieka wytchnieniowa\u201d Powiat Ostrzeszowski informuje, \u017ce w dniu 10 pa\u017adziernika 2025 r. Minister Rodziny, Pracy i Polityki Spo\u0142ecznej og\u0142osi\u0142 nab\u00f3r wniosk\u00f3w do Programu \u201eOpieka wytchnieniowa\u201d dla Jednostek Samorz\u0105du Terytorialnego &#8211; edycja 2026, realizowanego ze \u015brodk\u00f3w Funduszu Solidarno\u015bciowego.&nbsp;&nbsp;&nbsp; G\u0142\u00f3wnym celem Programu jest wsparcie cz\u0142onk\u00f3w rodzin lub opiekun\u00f3w sprawuj\u0105cych bezpo\u015bredni\u0105 opiek\u0119 nad osobami niepe\u0142nosprawnymi posiadaj\u0105cymi: &hellip;<\/p>\n","protected":false},"author":7,"featured_media":0,"comment_status":"closed","ping_status":"closed","sticky":false,"template":"","format":"standard","meta":{"footnotes":""},"categories":[35],"tags":[],"class_list":["post-8143","post","type-post","status-publish","format-standard","hentry","category-opieka-krotkoterminowa-i-wytchnieniowa"],"_links":{"self":[{"href":"https:\/\/dpsmarszalki.pl\/index.php?rest_route=\/wp\/v2\/posts\/8143","targetHints":{"allow":["GET"]}}],"collection":[{"href":"https:\/\/dpsmarszalki.pl\/index.php?rest_route=\/wp\/v2\/posts"}],"about":[{"href":"https:\/\/dpsmarszalki.pl\/index.php?rest_route=\/wp\/v2\/types\/post"}],"author":[{"embeddable":true,"href":"https:\/\/dpsmarszalki.pl\/index.php?rest_route=\/wp\/v2\/users\/7"}],"replies":[{"embeddable":true,"href":"https:\/\/dpsmarszalki.pl\/index.php?rest_route=%2Fwp%2Fv2%2Fcomments&post=8143"}],"version-history":[{"count":3,"href":"https:\/\/dpsmarszalki.pl\/index.php?rest_route=\/wp\/v2\/posts\/8143\/revisions"}],"predecessor-version":[{"id":8146,"href":"https:\/\/dpsmarszalki.pl\/index.php?rest_route=\/wp\/v2\/posts\/8143\/revisions\/8146"}],"wp:attachment":[{"href":"https:\/\/dpsmarszalki.pl\/index.php?rest_route=%2Fwp%2Fv2%2Fmedia&parent=8143"}],"wp:term":[{"taxonomy":"category","embeddable":true,"href":"https:\/\/dpsmarszalki.pl\/index.php?rest_route=%2Fwp%2Fv2%2Fcategories&post=8143"},{"taxonomy":"post_tag","embeddable":true,"href":"https:\/\/dpsmarszalki.pl\/index.php?rest_route=%2Fwp%2Fv2%2Ftags&post=8143"}],"curies":[{"name":"wp","href":"https:\/\/api.w.org\/{rel}","templated":true}]}}